{"id":11200,"date":"1993-05-27T11:11:21","date_gmt":"1993-05-27T11:11:21","guid":{"rendered":"http:\/\/journey.emanaku.com\/1993\/05\/27\/2-gate-ecuador-keynote-2-2\/"},"modified":"2011-12-23T00:50:04","modified_gmt":"2011-12-23T00:50:04","slug":"2-gate-ecuador-keynote-2","status":"publish","type":"post","link":"https:\/\/journey.emanaku.com\/de\/1993\/05\/27\/2-gate-ecuador-keynote-2\/","title":{"rendered":"2 Ecuador &#8211; Schl\u00fcsselnote"},"content":{"rendered":"<p style=\"text-align: center\"><span style=\"font-size: medium\">Die Schl\u00fcsselnote des Zweiten Tores von 11:11 ist<br \/>\n<\/span><\/p>\n<p style=\"text-align: center\"><span style=\"font-size: large\">UND AUS ZWEI WERDE EINES<br \/>\n<\/span><\/p>\n<p><img decoding=\"async\" loading=\"lazy\" class=\"aligncenter size-medium wp-image-4716\" src=\"http:\/\/journey.emanaku.com\/files\/2011\/12\/2AGates3-300x219.jpg\" alt=\"not-2AGates3\" width=\"300\" height=\"219\" srcset=\"https:\/\/journey.emanaku.com\/files\/2011\/12\/2AGates3-300x219.jpg 300w, https:\/\/journey.emanaku.com\/files\/2011\/12\/2AGates3-150x109.jpg 150w, https:\/\/journey.emanaku.com\/files\/2011\/12\/2AGates3-400x292.jpg 400w, https:\/\/journey.emanaku.com\/files\/2011\/12\/2AGates3.jpg 715w\" sizes=\"(max-width: 300px) 100vw, 300px\" \/><\/p>\n<p style=\"text-align: center\"><span style=\"color: #ff00ff\">Die Aktivierung des Zweiten Tores fand am 5. Juni 1993 statt<\/span><\/p>\n<p style=\"text-align: left\">Damals wurden \u00fcberall auf dem Planeten Zeremonien abgehalten, und der Meisterzylinder f\u00fcr die Aktivierung war direkt auf dem \u00c4quator im Innern des wunderbaren Vulkankraters Pululahua in Ecuador. Auch wenn das das Datum war, an dem das Zweite Tor aktiviert wurde, muss man sich immer daran erinnern, dass wir all unseren eigenen Zeitplan f\u00fcr unsere Transformation haben.<\/p>\n<p><img decoding=\"async\" loading=\"lazy\" class=\"aligncenter\" src=\"http:\/\/journey.emanaku.com\/files\/2011\/12\/smpurp1.gif\" alt=\"smpurp1\" width=\"550\" height=\"8\" \/><\/p>\n<p>Das Zweite Tor repr\u00e4sentiert die Verschmelzung unserer tiefsten Herzensw\u00fcnsche mit unseren h\u00f6chsten spirituellen Bestrebungen. Die Erf\u00fcllung unserer Herzensw\u00fcnsche ist der n\u00e4chste Schritt auf unserem spirituellen Weg.<\/p>\n<p>Die alte Trennung zwischen &#8222;pers\u00f6nlich&#8220; und &#8222;spirituell&#8220; wird hiermit transzendiert.<\/p>\n<p>Die Schl\u00fcsselnote f\u00fcr das Zweite Tor ist &#8222;UND AUS ZWEI WERDE EINS&#8220;. Das erfordert einen intensiven Prozess der Wiedervereinigung all unserer inh\u00e4renten Polarit\u00e4ten: Innerer Mann und Frau, Sonne und Mond, Geist und Materie, Erde und Sterne.<\/p>\n<p><img decoding=\"async\" loading=\"lazy\" class=\"aligncenter\" src=\"http:\/\/journey.emanaku.com\/files\/2011\/12\/smpurp1.gif\" alt=\"smpurp1\" width=\"550\" height=\"8\" \/><\/p>\n<p>Mit der Aktivierung des Zweiten Tores haben wir Gr\u00f6\u00dfere Liebe in die Welt gebracht, eine LIEBE, die \u00fcber unsere individuellen Herzen und Emotionen hinaus geht, und die sich ausdehnt und unser Eines Herz umfasst. Dies ist das Hers unseres Einen Wesens, von dem wir alle ein Teil sind.<\/p>\n<p><img decoding=\"async\" loading=\"lazy\" class=\"aligncenter\" src=\"http:\/\/journey.emanaku.com\/files\/2011\/12\/smpurp1.gif\" alt=\"smpurp1\" width=\"550\" height=\"8\" \/><\/p>\n<p>Unsere Reise durch das Zweite Tor dauerte \u00fcber drei Jahr lang, bis wir endlich dazu bereit waren, das Dritte Tor zu aktivieren. Zu diesem Zeitpunkt entdeckten wir, dass wir enorm ver\u00e4ndert waren, weit mehr, als wir uns zuvor vorstellen konnten. Wir waren integrierte Erd-Sternen-Wesen geworden, die ein absolut neues Niveau von Liebe verk\u00f6rperten.<\/p>\n<p>Die Ver\u00e4nderungen, die mit dem Zweiten Tor einhergehen waren weit bedeutender als alles, was wir bis dahin erfahren hatten. Aber das war nur der Anfang. Der Rest unserer Reise durch den 11:11-Torweg sollte erst noch allm\u00e4hlich enth\u00fcllt werden.<\/p>\n","protected":false},"excerpt":{"rendered":"<p>Die Schl\u00fcsselnote des Zweiten Tores von 11:11 ist UND AUS ZWEI WERDE EINES Die Aktivierung des Zweiten Tores fand am 5. Juni 1993 statt Damals wurden \u00fcberall auf dem Planeten Zeremonien abgehalten, und der Meisterzylinder f\u00fcr die Aktivierung war direkt auf dem \u00c4quator im Innern des wunderbaren Vulkankraters Pululahua in Ecuador. Auch wenn das das [&hellip;]<\/p>\n","protected":false},"author":2,"featured_media":4716,"comment_status":"closed","ping_status":"closed","sticky":false,"template":"","format":"standard","meta":{"_uag_custom_page_level_css":""},"categories":[51],"tags":[],"uagb_featured_image_src":{"full":["https:\/\/journey.emanaku.com\/files\/2011\/12\/2AGates3.jpg",715,523,false],"thumbnail":["https:\/\/journey.emanaku.com\/files\/2011\/12\/2AGates3-150x109.jpg",150,109,true],"medium":["https:\/\/journey.emanaku.com\/files\/2011\/12\/2AGates3-300x219.jpg",300,219,true],"medium_large":["https:\/\/journey.emanaku.com\/files\/2011\/12\/2AGates3.jpg","715","523",false],"large":["https:\/\/journey.emanaku.com\/files\/2011\/12\/2AGates3.jpg",685,501,false],"1536x1536":["https:\/\/journey.emanaku.com\/files\/2011\/12\/2AGates3.jpg",715,523,false],"2048x2048":["https:\/\/journey.emanaku.com\/files\/2011\/12\/2AGates3.jpg",715,523,false],"post-thumbnail":["https:\/\/journey.emanaku.com\/files\/2011\/12\/2AGates3-150x115.jpg",150,115,true],"single-post-thumbnail":["https:\/\/journey.emanaku.com\/files\/2011\/12\/2AGates3-400x292.jpg",400,292,true]},"uagb_author_info":{"display_name":"emanaku","author_link":"https:\/\/journey.emanaku.com\/de\/author\/emanaku\/"},"uagb_comment_info":0,"uagb_excerpt":"Die Schl\u00fcsselnote des Zweiten Tores von 11:11 ist UND AUS ZWEI WERDE EINES Die Aktivierung des Zweiten Tores fand am 5. Juni 1993 statt Damals wurden \u00fcberall auf dem Planeten Zeremonien abgehalten, und der Meisterzylinder f\u00fcr die Aktivierung war direkt auf dem \u00c4quator im Innern des wunderbaren Vulkankraters Pululahua in Ecuador. Auch wenn das das&hellip;","_links":{"self":[{"href":"https:\/\/journey.emanaku.com\/de\/wp-json\/wp\/v2\/posts\/11200"}],"collection":[{"href":"https:\/\/journey.emanaku.com\/de\/wp-json\/wp\/v2\/posts"}],"about":[{"href":"https:\/\/journey.emanaku.com\/de\/wp-json\/wp\/v2\/types\/post"}],"author":[{"embeddable":true,"href":"https:\/\/journey.emanaku.com\/de\/wp-json\/wp\/v2\/users\/2"}],"replies":[{"embeddable":true,"href":"https:\/\/journey.emanaku.com\/de\/wp-json\/wp\/v2\/comments?post=11200"}],"version-history":[{"count":6,"href":"https:\/\/journey.emanaku.com\/de\/wp-json\/wp\/v2\/posts\/11200\/revisions"}],"predecessor-version":[{"id":11237,"href":"https:\/\/journey.emanaku.com\/de\/wp-json\/wp\/v2\/posts\/11200\/revisions\/11237"}],"wp:featuredmedia":[{"embeddable":true,"href":"https:\/\/journey.emanaku.com\/de\/wp-json\/wp\/v2\/media\/4716"}],"wp:attachment":[{"href":"https:\/\/journey.emanaku.com\/de\/wp-json\/wp\/v2\/media?parent=11200"}],"wp:term":[{"taxonomy":"category","embeddable":true,"href":"https:\/\/journey.emanaku.com\/de\/wp-json\/wp\/v2\/categories?post=11200"},{"taxonomy":"post_tag","embeddable":true,"href":"https:\/\/journey.emanaku.com\/de\/wp-json\/wp\/v2\/tags?post=11200"}],"curies":[{"name":"wp","href":"https:\/\/api.w.org\/{rel}","templated":true}]}}